{"id":5185,"date":"2024-04-16T10:53:06","date_gmt":"2024-04-16T08:53:06","guid":{"rendered":"https:\/\/cws.uksw.edu.pl\/?p=5185"},"modified":"2024-04-16T10:53:09","modified_gmt":"2024-04-16T08:53:09","slug":"v-ogolnopolska-konferencja-naukowa-dziecko-w-procedurach-prawnych","status":"publish","type":"post","link":"https:\/\/cws.uksw.edu.pl\/2024\/04\/16\/v-ogolnopolska-konferencja-naukowa-dziecko-w-procedurach-prawnych\/","title":{"rendered":"V Og\u00f3lnopolska Konferencja Naukowa &#8222;Dziecko w procedurach prawnych&#8221;"},"content":{"rendered":"\n<figure class=\"wp-block-image size-large\"><img decoding=\"async\" width=\"1024\" height=\"576\" src=\"https:\/\/cws.uksw.edu.pl\/wp-content\/uploads\/sites\/18\/2024\/04\/17_05_-2-1024x576.png\" alt=\"V Og\u00f3lnopolska Konferencja Naukowa Dziecko w procedurach prawnych\n17 maja 2024 r.\" class=\"wp-image-5188\" srcset=\"https:\/\/cws.uksw.edu.pl\/wp-content\/uploads\/sites\/18\/2024\/04\/17_05_-2-1024x576.png 1024w, https:\/\/cws.uksw.edu.pl\/wp-content\/uploads\/sites\/18\/2024\/04\/17_05_-2-300x169.png 300w, https:\/\/cws.uksw.edu.pl\/wp-content\/uploads\/sites\/18\/2024\/04\/17_05_-2-768x432.png 768w, https:\/\/cws.uksw.edu.pl\/wp-content\/uploads\/sites\/18\/2024\/04\/17_05_-2-1536x864.png 1536w, https:\/\/cws.uksw.edu.pl\/wp-content\/uploads\/sites\/18\/2024\/04\/17_05_-2.png 1920w\" sizes=\"(max-width: 1024px) 100vw, 1024px\" \/><\/figure>\n\n\n\n<p>W imieniu Ko\u0142a Naukowego Prawa Konstytucyjnego UKSW oraz Ko\u0142a Naukowego Prawa Karnego Procesowego WPiA UKSW, zapraszamy na V Og\u00f3lnopolsk\u0105 Konferencj\u0119 Naukow\u0105 &#8222;Dziecko w procedurach prawnych&#8221;, kt\u00f3ra odb\u0119dzie si\u0119 17 maja 2024 r. o godz. 10:00 na Uniwersytecie Kardyna\u0142a Stefana Wyszy\u0144skiego w Warszawie &#8211; Kampus W\u00f3ycickiego, Aula Schumana (bud.21).<\/p>\n\n\n\n<p>Wydarzenie zosta\u0142o obj\u0119te patronatem honorowym m.in: Ministra Nauki i Szkolnictwa Wy\u017cszego, Rzecznika Praw Obywatelskich oraz Sekcji Praw Dziecka przy Okr\u0119gowej Radzie Adwokackiej w Warszawie.<\/p>\n\n\n\n<p><strong>Nab\u00f3r abstrakt\u00f3w do udzia\u0142u w konferencji w panelach studencko-doktoranckich trwa do 28 kwietnia &#8211; prosimy o wype\u0142nienie poni\u017cszego formularza:&nbsp; <\/strong><strong><u>LINK:<\/u><\/strong> <a href=\"https:\/\/forms.gle\/7J1aqZsqMbUvhnUC7\">https:\/\/forms.gle\/7J1aqZsqMbUvhnUC7<\/a><\/p>\n\n\n\n<p>Wi\u0119cej szczeg\u00f3\u0142\u00f3w znajd\u0105 Pa\u0144stwo w poni\u017cszym wydarzeniu: <strong><u>LINK:<\/u><\/strong> <a href=\"https:\/\/fb.me\/e\/1YpcnMay3\">https:\/\/fb.me\/e\/1YpcnMay3<\/a><\/p>\n","protected":false},"excerpt":{"rendered":"<p>W imieniu Ko\u0142a Naukowego Prawa Konstytucyjnego UKSW oraz Ko\u0142a Naukowego Prawa Karnego Procesowego WPiA UKSW, zapraszamy na V Og\u00f3lnopolsk\u0105 Konferencj\u0119 Naukow\u0105 &#8222;Dziecko w procedurach prawnych&#8221;, kt\u00f3ra odb\u0119dzie si\u0119 17 maja 2024 r. o godz. 10:00 na Uniwersytecie Kardyna\u0142a Stefana Wyszy\u0144skiego w Warszawie &#8211; Kampus W\u00f3ycickiego, Aula Schumana (bud.21). Wydarzenie zosta\u0142o obj\u0119te patronatem honorowym m.in: Ministra [&hellip;]<\/p>\n","protected":false},"author":609,"featured_media":5173,"comment_status":"open","ping_status":"open","sticky":false,"template":"","format":"standard","meta":{"_acf_changed":false,"inline_featured_image":false,"footnotes":"","_links_to":"","_links_to_target":""},"categories":[1],"tags":[],"class_list":["post-5185","post","type-post","status-publish","format-standard","has-post-thumbnail","hentry","category-aktualnosci"],"acf":[],"_links":{"self":[{"href":"https:\/\/cws.uksw.edu.pl\/pl\/wp-json\/wp\/v2\/posts\/5185","targetHints":{"allow":["GET"]}}],"collection":[{"href":"https:\/\/cws.uksw.edu.pl\/pl\/wp-json\/wp\/v2\/posts"}],"about":[{"href":"https:\/\/cws.uksw.edu.pl\/pl\/wp-json\/wp\/v2\/types\/post"}],"author":[{"embeddable":true,"href":"https:\/\/cws.uksw.edu.pl\/pl\/wp-json\/wp\/v2\/users\/609"}],"replies":[{"embeddable":true,"href":"https:\/\/cws.uksw.edu.pl\/pl\/wp-json\/wp\/v2\/comments?post=5185"}],"version-history":[{"count":7,"href":"https:\/\/cws.uksw.edu.pl\/pl\/wp-json\/wp\/v2\/posts\/5185\/revisions"}],"predecessor-version":[{"id":5193,"href":"https:\/\/cws.uksw.edu.pl\/pl\/wp-json\/wp\/v2\/posts\/5185\/revisions\/5193"}],"wp:featuredmedia":[{"embeddable":true,"href":"https:\/\/cws.uksw.edu.pl\/pl\/wp-json\/wp\/v2\/media\/5173"}],"wp:attachment":[{"href":"https:\/\/cws.uksw.edu.pl\/pl\/wp-json\/wp\/v2\/media?parent=5185"}],"wp:term":[{"taxonomy":"category","embeddable":true,"href":"https:\/\/cws.uksw.edu.pl\/pl\/wp-json\/wp\/v2\/categories?post=5185"},{"taxonomy":"post_tag","embeddable":true,"href":"https:\/\/cws.uksw.edu.pl\/pl\/wp-json\/wp\/v2\/tags?post=5185"}],"curies":[{"name":"wp","href":"https:\/\/api.w.org\/{rel}","templated":true}]}}