{"id":4332,"date":"2022-04-13T11:09:00","date_gmt":"2022-04-13T09:09:00","guid":{"rendered":"https:\/\/jednostki.uksw.edu.pl\/cws\/?p=4332"},"modified":"2022-11-24T11:02:23","modified_gmt":"2022-11-24T10:02:23","slug":"konferencja-naukowa-czlowiek-wobec-zagrozen-wspolczesnego-swiata","status":"publish","type":"post","link":"https:\/\/cws.uksw.edu.pl\/2022\/04\/13\/konferencja-naukowa-czlowiek-wobec-zagrozen-wspolczesnego-swiata\/","title":{"rendered":"Konferencja Naukowa \u201cCz\u0142owiek wobec zagro\u017ce\u0144 wsp\u00f3\u0142czesnego \u015bwiata\u201d"},"content":{"rendered":"\n<p>Uniwersytet Przyrodniczo-Humanistyczny w Siedlcach ma zaszczyt zaprosi\u0107 Pa\u0144stwa do udzia\u0142u w&nbsp;<strong>XX<\/strong>&nbsp;<strong>Konferencji Studenckich i Doktoranckich K\u00f3\u0142 Naukowych oraz pasjonat\u00f3w nauki nt<em>. \u201eCz\u0142owiek wobec zagro\u017ce\u0144 wsp\u00f3\u0142czesnego \u015bwiata\u201d<\/em><\/strong><em>,<\/em>&nbsp;kt\u00f3ra odb\u0119dzie si\u0119 w formie stacjonarnej w dniu&nbsp;<strong>19 wrze\u015bnia 2022 r.<\/strong><\/p>\n\n\n\n<p>Konferencja prowadzona b\u0119dzie w 5 sekcjach tematycznych:<br>\u00b7&nbsp;&nbsp;&nbsp;&nbsp;&nbsp;&nbsp;&nbsp;&nbsp; nauk humanistycznych,<br>\u00b7&nbsp;&nbsp;&nbsp;&nbsp;&nbsp;&nbsp;&nbsp;&nbsp; nauk spo\u0142ecznych,<br>\u00b7&nbsp;&nbsp;&nbsp;&nbsp;&nbsp;&nbsp;&nbsp;&nbsp; nauk rolniczych,<br>\u00b7&nbsp;&nbsp;&nbsp;&nbsp;&nbsp;&nbsp;&nbsp;&nbsp; nauk medycznych i nauk o zdrowiu,<br>\u00b7&nbsp;&nbsp;&nbsp;&nbsp;&nbsp;&nbsp;&nbsp;&nbsp; nauk \u015bcis\u0142ych i przyrodniczych.<\/p>\n\n\n\n<p>Konferencja skierowana jest do student\u00f3w, doktorant\u00f3w oraz pasjonat\u00f3w nauki \u2013 pragn\u0105cych nawi\u0105za\u0107 kontakt ze \u015brodowiskiem akademickim i wspom\u00f3c swoj\u0105 wiedz\u0105 i do\u015bwiadczeniem m\u0142odych naukowc\u00f3w.<\/p>\n\n\n\n<p>Celem konferencji jest zaprezentowanie, zar\u00f3wno dotychczasowego dorobku naukowego studenckich i doktoranckich k\u00f3\u0142 naukowych, jak i wskazanie perspektyw ich dalszego rozwoju.<\/p>\n\n\n\n<p>Maj\u0105c nadziej\u0119, i\u017c proponowana problematyka oka\u017ce si\u0119 interesuj\u0105ca, zapraszamy do wzi\u0119cia udzia\u0142u w naszym przedsi\u0119wzi\u0119ciu.<\/p>\n\n\n\n<p>Zg\u0142aszane prace powinny dotyczy\u0107 rozwi\u0105zania problemu badawczego, a nie sprawozda\u0144 z dzia\u0142alno\u015bci ko\u0142a. Komitet organizacyjny zastrzega sobie prawo do odrzucenia artyku\u0142\u00f3w niespe\u0142niaj\u0105cych ww. wymog\u00f3w. Artyku\u0142y po recenzji b\u0119d\u0105 opublikowane w materia\u0142ach konferencyjnych.<\/p>\n\n\n\n<p>W trakcie konferencji przewidujemy konkurs na najlepszy artyku\u0142 naukowy zaprezentowany podczas obrad w sekcjach.<\/p>\n\n\n\n<p>Koszt udzia\u0142u w konferencji ju\u017c od 180 PLN. W ramach op\u0142aty zapewniamy materia\u0142y konferencyjne, certyfikat czynnego uczestnictwa (tylko w przypadku prezentacji ustnej swoich bada\u0144), wy\u017cywienie (obiad, przerwa kawowa).<\/p>\n\n\n\n<p>Szczeg\u00f3\u0142owe informacje znajd\u0105 Pa\u0144stwo pod adresem:&nbsp;<a href=\"https:\/\/www.uph.edu.pl\/wydarzenia\/kkn2022\">https:\/\/www.uph.edu.pl\/wydarzenia\/kkn2022<\/a><\/p>\n","protected":false},"excerpt":{"rendered":"<p>Uniwersytet Przyrodniczo-Humanistyczny w Siedlcach ma zaszczyt zaprosi\u0107 Pa\u0144stwa do udzia\u0142u w&nbsp;XX&nbsp;Konferencji Studenckich i Doktoranckich K\u00f3\u0142 Naukowych oraz pasjonat\u00f3w nauki nt. \u201eCz\u0142owiek wobec zagro\u017ce\u0144 wsp\u00f3\u0142czesnego \u015bwiata\u201d,&nbsp;kt\u00f3ra odb\u0119dzie si\u0119 w formie stacjonarnej w dniu&nbsp;19 wrze\u015bnia 2022 r. Konferencja prowadzona b\u0119dzie w 5 sekcjach tematycznych:\u00b7&nbsp;&nbsp;&nbsp;&nbsp;&nbsp;&nbsp;&nbsp;&nbsp; nauk humanistycznych,\u00b7&nbsp;&nbsp;&nbsp;&nbsp;&nbsp;&nbsp;&nbsp;&nbsp; nauk spo\u0142ecznych,\u00b7&nbsp;&nbsp;&nbsp;&nbsp;&nbsp;&nbsp;&nbsp;&nbsp; nauk rolniczych,\u00b7&nbsp;&nbsp;&nbsp;&nbsp;&nbsp;&nbsp;&nbsp;&nbsp; nauk medycznych i nauk o zdrowiu,\u00b7&nbsp;&nbsp;&nbsp;&nbsp;&nbsp;&nbsp;&nbsp;&nbsp; nauk [&hellip;]<\/p>\n","protected":false},"author":1,"featured_media":0,"comment_status":"open","ping_status":"open","sticky":false,"template":"","format":"standard","meta":{"_acf_changed":false,"inline_featured_image":false,"footnotes":"","_links_to":"","_links_to_target":""},"categories":[1,7,8],"tags":[],"class_list":["post-4332","post","type-post","status-publish","format-standard","hentry","category-aktualnosci","category-organizacje-studenckie","category-projekty-i-konkursy"],"acf":[],"_links":{"self":[{"href":"https:\/\/cws.uksw.edu.pl\/pl\/wp-json\/wp\/v2\/posts\/4332","targetHints":{"allow":["GET"]}}],"collection":[{"href":"https:\/\/cws.uksw.edu.pl\/pl\/wp-json\/wp\/v2\/posts"}],"about":[{"href":"https:\/\/cws.uksw.edu.pl\/pl\/wp-json\/wp\/v2\/types\/post"}],"author":[{"embeddable":true,"href":"https:\/\/cws.uksw.edu.pl\/pl\/wp-json\/wp\/v2\/users\/1"}],"replies":[{"embeddable":true,"href":"https:\/\/cws.uksw.edu.pl\/pl\/wp-json\/wp\/v2\/comments?post=4332"}],"version-history":[{"count":2,"href":"https:\/\/cws.uksw.edu.pl\/pl\/wp-json\/wp\/v2\/posts\/4332\/revisions"}],"predecessor-version":[{"id":4334,"href":"https:\/\/cws.uksw.edu.pl\/pl\/wp-json\/wp\/v2\/posts\/4332\/revisions\/4334"}],"wp:attachment":[{"href":"https:\/\/cws.uksw.edu.pl\/pl\/wp-json\/wp\/v2\/media?parent=4332"}],"wp:term":[{"taxonomy":"category","embeddable":true,"href":"https:\/\/cws.uksw.edu.pl\/pl\/wp-json\/wp\/v2\/categories?post=4332"},{"taxonomy":"post_tag","embeddable":true,"href":"https:\/\/cws.uksw.edu.pl\/pl\/wp-json\/wp\/v2\/tags?post=4332"}],"curies":[{"name":"wp","href":"https:\/\/api.w.org\/{rel}","templated":true}]}}